{"id":5238,"date":"2022-09-10T14:15:13","date_gmt":"2022-09-10T14:15:13","guid":{"rendered":"https:\/\/kulat.av.tr\/en\/?p=5238"},"modified":"2022-09-10T14:15:13","modified_gmt":"2022-09-10T14:15:13","slug":"der-umfang-der-prozentlich-anstiegsbegrenzung-der-wohnungmiete","status":"publish","type":"post","link":"https:\/\/kulat.av.tr\/en\/blog\/2022\/09\/10\/der-umfang-der-prozentlich-anstiegsbegrenzung-der-wohnungmiete\/","title":{"rendered":"Der Umfang der %25 prozentlich Anstiegsbegrenzung der Wohnungmiete"},"content":{"rendered":"<div class=\"fusion-fullwidth fullwidth-box fusion-builder-row-1 fusion-flex-container nonhundred-percent-fullwidth non-hundred-percent-height-scrolling\" style=\"--awb-border-radius-top-left:0px;--awb-border-radius-top-right:0px;--awb-border-radius-bottom-right:0px;--awb-border-radius-bottom-left:0px;--awb-flex-wrap:wrap;\" ><div class=\"fusion-builder-row fusion-row fusion-flex-align-items-flex-start fusion-flex-content-wrap\" style=\"max-width:1248px;margin-left: calc(-4% \/ 2 );margin-right: calc(-4% \/ 2 );\"><div class=\"fusion-layout-column fusion_builder_column fusion-builder-column-0 fusion_builder_column_1_1 1_1 fusion-flex-column\" style=\"--awb-bg-size:cover;--awb-width-large:100%;--awb-margin-top-large:0px;--awb-spacing-right-large:1.92%;--awb-margin-bottom-large:20px;--awb-spacing-left-large:1.92%;--awb-width-medium:100%;--awb-order-medium:0;--awb-spacing-right-medium:1.92%;--awb-spacing-left-medium:1.92%;--awb-width-small:100%;--awb-order-small:0;--awb-spacing-right-small:1.92%;--awb-spacing-left-small:1.92%;\"><div class=\"fusion-column-wrapper fusion-column-has-shadow fusion-flex-justify-content-flex-start fusion-content-layout-column\"><div class=\"fusion-text fusion-text-1\" style=\"--awb-content-alignment:justify;\"><p>Die Mietsteigerung ist eine Erh\u00f6hung in bestimmten Abst\u00e4nden in den Mietgeb\u00fchr des Leasingobjekts einflie\u00dfen. Die Mietsteigerung wird selbst\u00e4ndig zwischen Partei der Mietvertrag bestimmen k\u00f6nnen. Aber andererseits diese Mietsteigerung darf jedoch f\u00fcr den Verl\u00e4ngerungszeitraum die Ver\u00e4nderungsrate gem\u00e4\u00df den Zw\u00f6lfmonatsdurchschnitten des Verbraucherpreisindizes des vorangegangenen Mietjahres nicht \u00fcberschreiten. Wenn die Mieterh\u00f6hung im Mietvertrag nicht geregelt ist, k\u00f6nnen die Parteien vor Gericht anrufen. Dabei darf der erh\u00f6hte Mietpreis die Ver\u00e4nderungsrate nach den Zw\u00f6lfmonatsmitteln des Verbraucherpreisindizes des vorangegangenen Mietjahres nicht \u00fcberschreiten. Dar\u00fcber hinaus wird die erh\u00f6hte Miete nach der Billigkeit unter Ber\u00fccksichtigung des Zustands des Mietobjekts ermittelt. In Anbetracht der wirtschaftlichen Lage des Landes und der hohen Inflationsrate wurde das t\u00fcrkische Obligationenrecht um einen vor\u00fcbergehenden Artikel erg\u00e4nzt und die Mieterh\u00f6hungsrate begrenzt.<\/p>\n<p>Nach dem vor\u00fcbergehenden Artikel, der im Amtsblatt vom 11.06.2022 im t\u00fcrkische Obligationenrecht vorgelegen wurde, gilt die zwischen 11.06.2022 und 1\/7\/2023 get\u00e4tigte Abrede \u00fcber die Erh\u00f6hung der Mietgeb\u00fchr, sofern diese Abrede 25 % des Mietpreises des vorangegangenen Mietjahres nicht \u00fcbersteigt. Wenn die Ver\u00e4nderungsrate des Verbraucherpreisindizes des vorangegangenen Mietjahres unter 25 % im Vergleich zu den Zw\u00f6lfmonatsdurchschnitten liegt, gilt die Ver\u00e4nderungsrate. Dieser Grundsatz wird vom Mietvertrag, der f\u00fcr mehr als ein Jahr ist, appliziert. Die Vertr\u00e4ge, die diese S\u00e4tze \u00fcberschreiten, sind in Bezug auf die \u00dcbermenge hinf\u00e4llig. Dieser Artikel ist in Kraft auch die Entscheidungen, die vom Richter gem\u00e4\u00df Artikel 344 Absatz 2 zu treffen sind.<\/p>\n<\/div><div class=\"fusion-text fusion-text-2\"><p style=\"padding-left: 40px;\">Wie in diesem vor\u00fcbergehenden Artikel klar angegeben;<\/p>\n<\/div><ul style=\"--awb-line-height:27.2px;--awb-icon-width:27.2px;--awb-icon-height:27.2px;--awb-icon-margin:11.2px;--awb-content-margin:38.4px;--awb-circlecolor:var(--awb-color4);--awb-circle-yes-font-size:14.08px;\" class=\"fusion-checklist fusion-checklist-1 fusion-checklist-default type-icons\"><li class=\"fusion-li-item\" style=\"\"><span class=\"icon-wrapper circle-yes\"><i class=\"fusion-li-icon fa-circle fas\" aria-hidden=\"true\"><\/i><\/span><div class=\"fusion-li-item-content\">\n<p>Diese Verordnung gilt nur f\u00fcr die zwischen 11.06.22 und 01.07.23 erneuerten Mietvertr\u00e4ge. Mit anderen Worten k\u00f6nnen alle Mieter, die ihren Mietvertrag zwischen 11.06.2022 und 01.07.2023 erneuert haben, an der Abgrenzung dieses Anstiegs profitieren. Da der Preis jedoch zum ersten Mal in neuen Mietvertr\u00e4gen festgelegt wird, die zwischen diesen Daten abgeschlossen werden, ist es klar, dass diese Bestimmung nicht angewendet werden kann.<\/p>\n<\/div><\/li><li class=\"fusion-li-item\" style=\"\"><span class=\"icon-wrapper circle-yes\"><i class=\"fusion-li-icon fa-circle fas\" aria-hidden=\"true\"><\/i><\/span><div class=\"fusion-li-item-content\">\n<p>Diese Verordnung gilt nur f\u00fcr Wohnungsmietvertr\u00e4gen. Der Anstieg der Lokalmieten wird weiterhin im Rahmen des Verbraucherpreisindizes-Limits ermittelt, weil diese Verordnung keine Regelung f\u00fcr Mieten von \u00fcberdachten Arbeitspl\u00e4tzen enth\u00e4lt.<\/p>\n<\/div><\/li><li class=\"fusion-li-item\" style=\"\"><span class=\"icon-wrapper circle-yes\"><i class=\"fusion-li-icon fa-circle fas\" aria-hidden=\"true\"><\/i><\/span><div class=\"fusion-li-item-content\">\n<p>Mieterh\u00f6hungen, die zum Zeitpunkt des Inkrafttretens dieser Regelung vorgenommen werden, k\u00f6nnen mit einem H\u00f6chstsatz von 25 % vorgenommen werden. Die Vertr\u00e4ge, die diese S\u00e4tze \u00fcberschreiten, sind in Bezug auf die \u00dcbermenge hinf\u00e4llig und bindet den Mieter nicht an den Vertrag.<\/p>\n<\/div><\/li><li class=\"fusion-li-item\" style=\"\"><span class=\"icon-wrapper circle-yes\"><i class=\"fusion-li-icon fa-circle fas\" aria-hidden=\"true\"><\/i><\/span><div class=\"fusion-li-item-content\">\n<p>Wenn die Ver\u00e4nderungsrate des Verbraucherpreisindizes des vorangegangenen Mietjahres unter 25 % im Vergleich zu den Zw\u00f6lfmonatsdurchschnitten liegt, gilt die Ver\u00e4nderungsrate f\u00fcr den Mietvertrag.<\/p>\n<\/div><\/li><li class=\"fusion-li-item\" style=\"\"><span class=\"icon-wrapper circle-yes\"><i class=\"fusion-li-icon fa-circle fas\" aria-hidden=\"true\"><\/i><\/span><div class=\"fusion-li-item-content\">\n<p>Wenn es keine Abrede \u00fcber den Anstieg des Mietgeb\u00fchres gibt, ist diese 25% Prozent Anstiegsrate in Kraft.<\/p>\n<\/div><\/li><li class=\"fusion-li-item\" style=\"\"><span class=\"icon-wrapper circle-yes\"><i class=\"fusion-li-icon fa-circle fas\" aria-hidden=\"true\"><\/i><\/span><div class=\"fusion-li-item-content\">\n<p>In diesem Punkt gibt es keine Ver\u00e4nderung f\u00fcr die aufgrund verl\u00e4ngerter Mietvertr\u00e4ge nach Ablauf von 5 Jahren eingereichten Feststellungsklage, die nach Art. 344\/3 der t\u00fcrkischen Obligationengesetzbuch eingereicht werden. Daher ist nicht bestimmt, ob die 25% Prozent Abgrenzung zur Mieterh\u00f6hung in Feststellungsklage zur Anwendung kommen wird. Nach der w\u00f6rtlicher Kommentar dieses vor\u00fcbergehenden Artikel k\u00f6nnen wir bezeichnen, dass das Gericht nach Billigkeit unter Ber\u00fccksichtigung der bisherigen Mietpreise, des Zustands der Mietsache und der Ver\u00e4nderungsrate des Verbraucherpreisindizes festgesetzt, wenn der Eigent\u00fcmer(Vermieter) bei den Mietvertr\u00e4gen, die l\u00e4nger als 5 Jahre laufen oder nach Ablauf von 5 Jahren verl\u00e4ngert werden, eine Feststellungsklage auf Mietgeb\u00fchr erhebt.<\/p>\n<\/div><\/li><\/ul><div class=\"fusion-text fusion-text-3\"><p style=\"text-align: right;\"><strong>KULAT LAW FIRM<\/strong><\/p>\n<\/div><\/div><\/div><\/div><\/div>\n","protected":false},"excerpt":{"rendered":"","protected":false},"author":1,"featured_media":5240,"comment_status":"open","ping_status":"open","sticky":false,"template":"","format":"standard","meta":{"footnotes":""},"categories":[29],"tags":[],"class_list":["post-5238","post","type-post","status-publish","format-standard","has-post-thumbnail","hentry","category-articles"],"yoast_head":"<!-- This site is optimized with the Yoast SEO Premium plugin v26.9 (Yoast SEO v27.5) - https:\/\/yoast.com\/product\/yoast-seo-premium-wordpress\/ -->\n<title>Der Umfang der %25 prozentlich Anstiegsbegrenzung der Wohnungmiete | Kulat Law Office<\/title>\n<meta name=\"robots\" content=\"index, follow, max-snippet:-1, max-image-preview:large, max-video-preview:-1\" \/>\n<link rel=\"canonical\" href=\"https:\/\/kulat.av.tr\/en\/blog\/2022\/09\/10\/der-umfang-der-prozentlich-anstiegsbegrenzung-der-wohnungmiete\/\" \/>\n<meta property=\"og:locale\" content=\"en_US\" \/>\n<meta property=\"og:type\" content=\"article\" \/>\n<meta property=\"og:title\" content=\"Der Umfang der %25 prozentlich Anstiegsbegrenzung der Wohnungmiete\" \/>\n<meta property=\"og:url\" content=\"https:\/\/kulat.av.tr\/en\/blog\/2022\/09\/10\/der-umfang-der-prozentlich-anstiegsbegrenzung-der-wohnungmiete\/\" \/>\n<meta property=\"og:site_name\" content=\"Kulat Law Office\" \/>\n<meta property=\"article:published_time\" content=\"2022-09-10T14:15:13+00:00\" \/>\n<meta property=\"og:image\" content=\"https:\/\/kulat.av.tr\/en\/wp-content\/uploads\/sites\/9\/2022\/09\/top-view-blueprint-streets-with-houses.jpg\" \/>\n\t<meta property=\"og:image:width\" content=\"1000\" \/>\n\t<meta property=\"og:image:height\" content=\"668\" \/>\n\t<meta property=\"og:image:type\" content=\"image\/jpeg\" \/>\n<meta name=\"author\" content=\"Bar\u0131\u015f KULAT\" \/>\n<meta name=\"twitter:card\" content=\"summary_large_image\" \/>\n<meta name=\"twitter:label1\" content=\"Written by\" \/>\n\t<meta name=\"twitter:data1\" content=\"Bar\u0131\u015f KULAT\" \/>\n\t<meta name=\"twitter:label2\" content=\"Est. reading time\" \/>\n\t<meta name=\"twitter:data2\" content=\"4 minutes\" \/>\n<script type=\"application\/ld+json\" class=\"yoast-schema-graph\">{\"@context\":\"https:\\\/\\\/schema.org\",\"@graph\":[{\"@type\":\"Article\",\"@id\":\"https:\\\/\\\/kulat.av.tr\\\/en\\\/blog\\\/2022\\\/09\\\/10\\\/der-umfang-der-prozentlich-anstiegsbegrenzung-der-wohnungmiete\\\/#article\",\"isPartOf\":{\"@id\":\"https:\\\/\\\/kulat.av.tr\\\/en\\\/blog\\\/2022\\\/09\\\/10\\\/der-umfang-der-prozentlich-anstiegsbegrenzung-der-wohnungmiete\\\/\"},\"author\":{\"name\":\"Bar\u0131\u015f KULAT\",\"@id\":\"https:\\\/\\\/kulat.av.tr\\\/en\\\/#\\\/schema\\\/person\\\/58839c3e5d95f59da262b6e54c486213\"},\"headline\":\"Der Umfang der %25 prozentlich Anstiegsbegrenzung der Wohnungmiete\",\"datePublished\":\"2022-09-10T14:15:13+00:00\",\"mainEntityOfPage\":{\"@id\":\"https:\\\/\\\/kulat.av.tr\\\/en\\\/blog\\\/2022\\\/09\\\/10\\\/der-umfang-der-prozentlich-anstiegsbegrenzung-der-wohnungmiete\\\/\"},\"wordCount\":1376,\"commentCount\":0,\"publisher\":{\"@id\":\"https:\\\/\\\/kulat.av.tr\\\/en\\\/#organization\"},\"image\":{\"@id\":\"https:\\\/\\\/kulat.av.tr\\\/en\\\/blog\\\/2022\\\/09\\\/10\\\/der-umfang-der-prozentlich-anstiegsbegrenzung-der-wohnungmiete\\\/#primaryimage\"},\"thumbnailUrl\":\"https:\\\/\\\/kulat.av.tr\\\/en\\\/wp-content\\\/uploads\\\/sites\\\/9\\\/2022\\\/09\\\/top-view-blueprint-streets-with-houses.jpg\",\"articleSection\":[\"Articles\"],\"inLanguage\":\"en-US\",\"potentialAction\":[{\"@type\":\"CommentAction\",\"name\":\"Comment\",\"target\":[\"https:\\\/\\\/kulat.av.tr\\\/en\\\/blog\\\/2022\\\/09\\\/10\\\/der-umfang-der-prozentlich-anstiegsbegrenzung-der-wohnungmiete\\\/#respond\"]}]},{\"@type\":\"WebPage\",\"@id\":\"https:\\\/\\\/kulat.av.tr\\\/en\\\/blog\\\/2022\\\/09\\\/10\\\/der-umfang-der-prozentlich-anstiegsbegrenzung-der-wohnungmiete\\\/\",\"url\":\"https:\\\/\\\/kulat.av.tr\\\/en\\\/blog\\\/2022\\\/09\\\/10\\\/der-umfang-der-prozentlich-anstiegsbegrenzung-der-wohnungmiete\\\/\",\"name\":\"Der Umfang der %25 prozentlich Anstiegsbegrenzung der Wohnungmiete | Kulat Law Office\",\"isPartOf\":{\"@id\":\"https:\\\/\\\/kulat.av.tr\\\/en\\\/#website\"},\"primaryImageOfPage\":{\"@id\":\"https:\\\/\\\/kulat.av.tr\\\/en\\\/blog\\\/2022\\\/09\\\/10\\\/der-umfang-der-prozentlich-anstiegsbegrenzung-der-wohnungmiete\\\/#primaryimage\"},\"image\":{\"@id\":\"https:\\\/\\\/kulat.av.tr\\\/en\\\/blog\\\/2022\\\/09\\\/10\\\/der-umfang-der-prozentlich-anstiegsbegrenzung-der-wohnungmiete\\\/#primaryimage\"},\"thumbnailUrl\":\"https:\\\/\\\/kulat.av.tr\\\/en\\\/wp-content\\\/uploads\\\/sites\\\/9\\\/2022\\\/09\\\/top-view-blueprint-streets-with-houses.jpg\",\"datePublished\":\"2022-09-10T14:15:13+00:00\",\"breadcrumb\":{\"@id\":\"https:\\\/\\\/kulat.av.tr\\\/en\\\/blog\\\/2022\\\/09\\\/10\\\/der-umfang-der-prozentlich-anstiegsbegrenzung-der-wohnungmiete\\\/#breadcrumb\"},\"inLanguage\":\"en-US\",\"potentialAction\":[{\"@type\":\"ReadAction\",\"target\":[\"https:\\\/\\\/kulat.av.tr\\\/en\\\/blog\\\/2022\\\/09\\\/10\\\/der-umfang-der-prozentlich-anstiegsbegrenzung-der-wohnungmiete\\\/\"]}]},{\"@type\":\"ImageObject\",\"inLanguage\":\"en-US\",\"@id\":\"https:\\\/\\\/kulat.av.tr\\\/en\\\/blog\\\/2022\\\/09\\\/10\\\/der-umfang-der-prozentlich-anstiegsbegrenzung-der-wohnungmiete\\\/#primaryimage\",\"url\":\"https:\\\/\\\/kulat.av.tr\\\/en\\\/wp-content\\\/uploads\\\/sites\\\/9\\\/2022\\\/09\\\/top-view-blueprint-streets-with-houses.jpg\",\"contentUrl\":\"https:\\\/\\\/kulat.av.tr\\\/en\\\/wp-content\\\/uploads\\\/sites\\\/9\\\/2022\\\/09\\\/top-view-blueprint-streets-with-houses.jpg\",\"width\":1000,\"height\":668,\"caption\":\"Der Umfang der %25 prozentlich Anstiegsbegrenzung der Wohnungmiete\"},{\"@type\":\"BreadcrumbList\",\"@id\":\"https:\\\/\\\/kulat.av.tr\\\/en\\\/blog\\\/2022\\\/09\\\/10\\\/der-umfang-der-prozentlich-anstiegsbegrenzung-der-wohnungmiete\\\/#breadcrumb\",\"itemListElement\":[{\"@type\":\"ListItem\",\"position\":1,\"name\":\"Anasayfa\",\"item\":\"https:\\\/\\\/kulat.av.tr\\\/en\\\/\"},{\"@type\":\"ListItem\",\"position\":2,\"name\":\"Der Umfang der %25 prozentlich Anstiegsbegrenzung der Wohnungmiete\"}]},{\"@type\":\"WebSite\",\"@id\":\"https:\\\/\\\/kulat.av.tr\\\/en\\\/#website\",\"url\":\"https:\\\/\\\/kulat.av.tr\\\/en\\\/\",\"name\":\"Kulat Law Office\",\"description\":\"Our office; Legal ethics and lawyer care about a stance that suits the honor of profession. It is working with clients who demand this.\",\"publisher\":{\"@id\":\"https:\\\/\\\/kulat.av.tr\\\/en\\\/#organization\"},\"potentialAction\":[{\"@type\":\"SearchAction\",\"target\":{\"@type\":\"EntryPoint\",\"urlTemplate\":\"https:\\\/\\\/kulat.av.tr\\\/en\\\/?s={search_term_string}\"},\"query-input\":{\"@type\":\"PropertyValueSpecification\",\"valueRequired\":true,\"valueName\":\"search_term_string\"}}],\"inLanguage\":\"en-US\"},{\"@type\":\"Organization\",\"@id\":\"https:\\\/\\\/kulat.av.tr\\\/en\\\/#organization\",\"name\":\"Kulat Law Office\",\"url\":\"https:\\\/\\\/kulat.av.tr\\\/en\\\/\",\"logo\":{\"@type\":\"ImageObject\",\"inLanguage\":\"en-US\",\"@id\":\"https:\\\/\\\/kulat.av.tr\\\/en\\\/#\\\/schema\\\/logo\\\/image\\\/\",\"url\":\"https:\\\/\\\/kulat.av.tr\\\/en\\\/wp-content\\\/uploads\\\/sites\\\/9\\\/2020\\\/10\\\/kulat_logo.png\",\"contentUrl\":\"https:\\\/\\\/kulat.av.tr\\\/en\\\/wp-content\\\/uploads\\\/sites\\\/9\\\/2020\\\/10\\\/kulat_logo.png\",\"width\":172,\"height\":103,\"caption\":\"Kulat Law Office\"},\"image\":{\"@id\":\"https:\\\/\\\/kulat.av.tr\\\/en\\\/#\\\/schema\\\/logo\\\/image\\\/\"}},{\"@type\":\"Person\",\"@id\":\"https:\\\/\\\/kulat.av.tr\\\/en\\\/#\\\/schema\\\/person\\\/58839c3e5d95f59da262b6e54c486213\",\"name\":\"Bar\u0131\u015f KULAT\",\"image\":{\"@type\":\"ImageObject\",\"inLanguage\":\"en-US\",\"@id\":\"https:\\\/\\\/kulat.av.tr\\\/en\\\/wp-content\\\/litespeed\\\/avatar\\\/9\\\/26bc62a8daa9f8a805e8f2b035b25e5b.jpg?ver=1777144033\",\"url\":\"https:\\\/\\\/kulat.av.tr\\\/en\\\/wp-content\\\/litespeed\\\/avatar\\\/9\\\/26bc62a8daa9f8a805e8f2b035b25e5b.jpg?ver=1777144033\",\"contentUrl\":\"https:\\\/\\\/kulat.av.tr\\\/en\\\/wp-content\\\/litespeed\\\/avatar\\\/9\\\/26bc62a8daa9f8a805e8f2b035b25e5b.jpg?ver=1777144033\",\"caption\":\"Bar\u0131\u015f KULAT\"},\"sameAs\":[\"https:\\\/\\\/kulat.av.tr\\\/\"],\"url\":\"https:\\\/\\\/kulat.av.tr\\\/en\\\/blog\\\/author\\\/wpto\\\/\"}]}<\/script>\n<!-- \/ Yoast SEO Premium plugin. -->","yoast_head_json":{"title":"Der Umfang der %25 prozentlich Anstiegsbegrenzung der Wohnungmiete | Kulat Law Office","robots":{"index":"index","follow":"follow","max-snippet":"max-snippet:-1","max-image-preview":"max-image-preview:large","max-video-preview":"max-video-preview:-1"},"canonical":"https:\/\/kulat.av.tr\/en\/blog\/2022\/09\/10\/der-umfang-der-prozentlich-anstiegsbegrenzung-der-wohnungmiete\/","og_locale":"en_US","og_type":"article","og_title":"Der Umfang der %25 prozentlich Anstiegsbegrenzung der Wohnungmiete","og_url":"https:\/\/kulat.av.tr\/en\/blog\/2022\/09\/10\/der-umfang-der-prozentlich-anstiegsbegrenzung-der-wohnungmiete\/","og_site_name":"Kulat Law Office","article_published_time":"2022-09-10T14:15:13+00:00","og_image":[{"width":1000,"height":668,"url":"https:\/\/kulat.av.tr\/en\/wp-content\/uploads\/sites\/9\/2022\/09\/top-view-blueprint-streets-with-houses.jpg","type":"image\/jpeg"}],"author":"Bar\u0131\u015f KULAT","twitter_card":"summary_large_image","twitter_misc":{"Written by":"Bar\u0131\u015f KULAT","Est. reading time":"4 minutes"},"schema":{"@context":"https:\/\/schema.org","@graph":[{"@type":"Article","@id":"https:\/\/kulat.av.tr\/en\/blog\/2022\/09\/10\/der-umfang-der-prozentlich-anstiegsbegrenzung-der-wohnungmiete\/#article","isPartOf":{"@id":"https:\/\/kulat.av.tr\/en\/blog\/2022\/09\/10\/der-umfang-der-prozentlich-anstiegsbegrenzung-der-wohnungmiete\/"},"author":{"name":"Bar\u0131\u015f KULAT","@id":"https:\/\/kulat.av.tr\/en\/#\/schema\/person\/58839c3e5d95f59da262b6e54c486213"},"headline":"Der Umfang der %25 prozentlich Anstiegsbegrenzung der Wohnungmiete","datePublished":"2022-09-10T14:15:13+00:00","mainEntityOfPage":{"@id":"https:\/\/kulat.av.tr\/en\/blog\/2022\/09\/10\/der-umfang-der-prozentlich-anstiegsbegrenzung-der-wohnungmiete\/"},"wordCount":1376,"commentCount":0,"publisher":{"@id":"https:\/\/kulat.av.tr\/en\/#organization"},"image":{"@id":"https:\/\/kulat.av.tr\/en\/blog\/2022\/09\/10\/der-umfang-der-prozentlich-anstiegsbegrenzung-der-wohnungmiete\/#primaryimage"},"thumbnailUrl":"https:\/\/kulat.av.tr\/en\/wp-content\/uploads\/sites\/9\/2022\/09\/top-view-blueprint-streets-with-houses.jpg","articleSection":["Articles"],"inLanguage":"en-US","potentialAction":[{"@type":"CommentAction","name":"Comment","target":["https:\/\/kulat.av.tr\/en\/blog\/2022\/09\/10\/der-umfang-der-prozentlich-anstiegsbegrenzung-der-wohnungmiete\/#respond"]}]},{"@type":"WebPage","@id":"https:\/\/kulat.av.tr\/en\/blog\/2022\/09\/10\/der-umfang-der-prozentlich-anstiegsbegrenzung-der-wohnungmiete\/","url":"https:\/\/kulat.av.tr\/en\/blog\/2022\/09\/10\/der-umfang-der-prozentlich-anstiegsbegrenzung-der-wohnungmiete\/","name":"Der Umfang der %25 prozentlich Anstiegsbegrenzung der Wohnungmiete | Kulat Law Office","isPartOf":{"@id":"https:\/\/kulat.av.tr\/en\/#website"},"primaryImageOfPage":{"@id":"https:\/\/kulat.av.tr\/en\/blog\/2022\/09\/10\/der-umfang-der-prozentlich-anstiegsbegrenzung-der-wohnungmiete\/#primaryimage"},"image":{"@id":"https:\/\/kulat.av.tr\/en\/blog\/2022\/09\/10\/der-umfang-der-prozentlich-anstiegsbegrenzung-der-wohnungmiete\/#primaryimage"},"thumbnailUrl":"https:\/\/kulat.av.tr\/en\/wp-content\/uploads\/sites\/9\/2022\/09\/top-view-blueprint-streets-with-houses.jpg","datePublished":"2022-09-10T14:15:13+00:00","breadcrumb":{"@id":"https:\/\/kulat.av.tr\/en\/blog\/2022\/09\/10\/der-umfang-der-prozentlich-anstiegsbegrenzung-der-wohnungmiete\/#breadcrumb"},"inLanguage":"en-US","potentialAction":[{"@type":"ReadAction","target":["https:\/\/kulat.av.tr\/en\/blog\/2022\/09\/10\/der-umfang-der-prozentlich-anstiegsbegrenzung-der-wohnungmiete\/"]}]},{"@type":"ImageObject","inLanguage":"en-US","@id":"https:\/\/kulat.av.tr\/en\/blog\/2022\/09\/10\/der-umfang-der-prozentlich-anstiegsbegrenzung-der-wohnungmiete\/#primaryimage","url":"https:\/\/kulat.av.tr\/en\/wp-content\/uploads\/sites\/9\/2022\/09\/top-view-blueprint-streets-with-houses.jpg","contentUrl":"https:\/\/kulat.av.tr\/en\/wp-content\/uploads\/sites\/9\/2022\/09\/top-view-blueprint-streets-with-houses.jpg","width":1000,"height":668,"caption":"Der Umfang der %25 prozentlich Anstiegsbegrenzung der Wohnungmiete"},{"@type":"BreadcrumbList","@id":"https:\/\/kulat.av.tr\/en\/blog\/2022\/09\/10\/der-umfang-der-prozentlich-anstiegsbegrenzung-der-wohnungmiete\/#breadcrumb","itemListElement":[{"@type":"ListItem","position":1,"name":"Anasayfa","item":"https:\/\/kulat.av.tr\/en\/"},{"@type":"ListItem","position":2,"name":"Der Umfang der %25 prozentlich Anstiegsbegrenzung der Wohnungmiete"}]},{"@type":"WebSite","@id":"https:\/\/kulat.av.tr\/en\/#website","url":"https:\/\/kulat.av.tr\/en\/","name":"Kulat Law Office","description":"Our office; Legal ethics and lawyer care about a stance that suits the honor of profession. It is working with clients who demand this.","publisher":{"@id":"https:\/\/kulat.av.tr\/en\/#organization"},"potentialAction":[{"@type":"SearchAction","target":{"@type":"EntryPoint","urlTemplate":"https:\/\/kulat.av.tr\/en\/?s={search_term_string}"},"query-input":{"@type":"PropertyValueSpecification","valueRequired":true,"valueName":"search_term_string"}}],"inLanguage":"en-US"},{"@type":"Organization","@id":"https:\/\/kulat.av.tr\/en\/#organization","name":"Kulat Law Office","url":"https:\/\/kulat.av.tr\/en\/","logo":{"@type":"ImageObject","inLanguage":"en-US","@id":"https:\/\/kulat.av.tr\/en\/#\/schema\/logo\/image\/","url":"https:\/\/kulat.av.tr\/en\/wp-content\/uploads\/sites\/9\/2020\/10\/kulat_logo.png","contentUrl":"https:\/\/kulat.av.tr\/en\/wp-content\/uploads\/sites\/9\/2020\/10\/kulat_logo.png","width":172,"height":103,"caption":"Kulat Law Office"},"image":{"@id":"https:\/\/kulat.av.tr\/en\/#\/schema\/logo\/image\/"}},{"@type":"Person","@id":"https:\/\/kulat.av.tr\/en\/#\/schema\/person\/58839c3e5d95f59da262b6e54c486213","name":"Bar\u0131\u015f KULAT","image":{"@type":"ImageObject","inLanguage":"en-US","@id":"https:\/\/kulat.av.tr\/en\/wp-content\/litespeed\/avatar\/9\/26bc62a8daa9f8a805e8f2b035b25e5b.jpg?ver=1777144033","url":"https:\/\/kulat.av.tr\/en\/wp-content\/litespeed\/avatar\/9\/26bc62a8daa9f8a805e8f2b035b25e5b.jpg?ver=1777144033","contentUrl":"https:\/\/kulat.av.tr\/en\/wp-content\/litespeed\/avatar\/9\/26bc62a8daa9f8a805e8f2b035b25e5b.jpg?ver=1777144033","caption":"Bar\u0131\u015f KULAT"},"sameAs":["https:\/\/kulat.av.tr\/"],"url":"https:\/\/kulat.av.tr\/en\/blog\/author\/wpto\/"}]}},"amp_enabled":true,"_links":{"self":[{"href":"https:\/\/kulat.av.tr\/en\/wp-json\/wp\/v2\/posts\/5238","targetHints":{"allow":["GET"]}}],"collection":[{"href":"https:\/\/kulat.av.tr\/en\/wp-json\/wp\/v2\/posts"}],"about":[{"href":"https:\/\/kulat.av.tr\/en\/wp-json\/wp\/v2\/types\/post"}],"author":[{"embeddable":true,"href":"https:\/\/kulat.av.tr\/en\/wp-json\/wp\/v2\/users\/1"}],"replies":[{"embeddable":true,"href":"https:\/\/kulat.av.tr\/en\/wp-json\/wp\/v2\/comments?post=5238"}],"version-history":[{"count":1,"href":"https:\/\/kulat.av.tr\/en\/wp-json\/wp\/v2\/posts\/5238\/revisions"}],"predecessor-version":[{"id":5242,"href":"https:\/\/kulat.av.tr\/en\/wp-json\/wp\/v2\/posts\/5238\/revisions\/5242"}],"wp:featuredmedia":[{"embeddable":true,"href":"https:\/\/kulat.av.tr\/en\/wp-json\/wp\/v2\/media\/5240"}],"wp:attachment":[{"href":"https:\/\/kulat.av.tr\/en\/wp-json\/wp\/v2\/media?parent=5238"}],"wp:term":[{"taxonomy":"category","embeddable":true,"href":"https:\/\/kulat.av.tr\/en\/wp-json\/wp\/v2\/categories?post=5238"},{"taxonomy":"post_tag","embeddable":true,"href":"https:\/\/kulat.av.tr\/en\/wp-json\/wp\/v2\/tags?post=5238"}],"curies":[{"name":"wp","href":"https:\/\/api.w.org\/{rel}","templated":true}]}}