{"id":5121,"date":"2022-04-24T10:54:06","date_gmt":"2022-04-24T10:54:06","guid":{"rendered":"https:\/\/kulat.av.tr\/en\/?p=5121"},"modified":"2022-04-24T10:54:06","modified_gmt":"2022-04-24T10:54:06","slug":"verbis-registration-deadline-is-approaching-quickly","status":"publish","type":"post","link":"https:\/\/kulat.av.tr\/en\/blog\/2022\/04\/24\/verbis-registration-deadline-is-approaching-quickly\/","title":{"rendered":"Verbis Registration Deadline is Approaching Quickly!"},"content":{"rendered":"<div class=\"fusion-fullwidth fullwidth-box fusion-builder-row-1 fusion-flex-container nonhundred-percent-fullwidth non-hundred-percent-height-scrolling\" style=\"--awb-border-radius-top-left:0px;--awb-border-radius-top-right:0px;--awb-border-radius-bottom-right:0px;--awb-border-radius-bottom-left:0px;--awb-flex-wrap:wrap;\" ><div class=\"fusion-builder-row fusion-row fusion-flex-align-items-flex-start fusion-flex-content-wrap\" style=\"max-width:1248px;margin-left: calc(-4% \/ 2 );margin-right: calc(-4% \/ 2 );\"><div class=\"fusion-layout-column fusion_builder_column fusion-builder-column-0 fusion_builder_column_1_1 1_1 fusion-flex-column\" style=\"--awb-bg-size:cover;--awb-width-large:100%;--awb-margin-top-large:0px;--awb-spacing-right-large:1.92%;--awb-margin-bottom-large:20px;--awb-spacing-left-large:1.92%;--awb-width-medium:100%;--awb-order-medium:0;--awb-spacing-right-medium:1.92%;--awb-spacing-left-medium:1.92%;--awb-width-small:100%;--awb-order-small:0;--awb-spacing-right-small:1.92%;--awb-spacing-left-small:1.92%;\"><div class=\"fusion-column-wrapper fusion-column-has-shadow fusion-flex-justify-content-flex-start fusion-content-layout-column\"><div class=\"fusion-title title fusion-title-1 fusion-sep-none fusion-title-center fusion-title-text fusion-title-size-one\" style=\"--awb-font-size:22px;\"><h1 class=\"fusion-title-heading title-heading-center\" style=\"margin:0;font-size:1em;\">Verbis Registration Deadline is Approaching Quickly!<\/h1><\/div><div class=\"fusion-text fusion-text-1\" style=\"--awb-content-alignment:justify;\"><p>As you may recall, the Data Protection Board extended the registration period to 31.12.2021 with its Decision No.2021\/238 dated 11\/03\/2021 due to the requests submitted to the Personal Data Protection Authority (\u201cAuthority\u201d) for the extension of the registration periods to the Registry, on the grounds that there are difficulties in duly fulfilling the obligation to register in the Data Controllers\u2019 Registry Information System (VERBIS) due to the Covid-19 virus epidemic.<\/p>\n<p>In this context, Data Controllers who must fulfil their registration obligation until 31.12.2021 are as follows;<\/p>\n<\/div><ul style=\"--awb-iconcolor:#c8ac48;--awb-line-height:27.2px;--awb-icon-width:27.2px;--awb-icon-height:27.2px;--awb-icon-margin:11.2px;--awb-content-margin:38.4px;\" class=\"fusion-checklist fusion-checklist-1 fusion-checklist-default fusion-checklist-divider type-icons\"><li class=\"fusion-li-item\" style=\"\"><span class=\"icon-wrapper circle-no\"><i class=\"fusion-li-icon fa-circle fas\" aria-hidden=\"true\"><\/i><\/span><div class=\"fusion-li-item-content\">\n<p>Real and legal person data controllers with more than 50 employees or with annual financial balance of more than 25 million TL and real and legal person data controllers residing abroad<\/p>\n<\/div><\/li><li class=\"fusion-li-item\" style=\"\"><span class=\"icon-wrapper circle-no\"><i class=\"fusion-li-icon fa-circle fas\" aria-hidden=\"true\"><\/i><\/span><div class=\"fusion-li-item-content\">\n<p>Real and legal person data controllers, whose number of employees is less than 50 and whose annual financial balance is less than 25 million TL, and whose main field of activity is the processing of special quality personal data<\/p>\n<\/div><\/li><li class=\"fusion-li-item\" style=\"\"><span class=\"icon-wrapper circle-no\"><i class=\"fusion-li-icon fa-circle fas\" aria-hidden=\"true\"><\/i><\/span><div class=\"fusion-li-item-content\">\n<p>Data controllers of public institutions and organizations and professional organizations in the nature of public institutions<\/p>\n<\/div><\/li><\/ul><div class=\"fusion-text fusion-text-2\" style=\"--awb-content-alignment:justify;\"><p>Therefore, data controllers who have not yet registered with the registry must register with the Data Controllers Registry until 31.12.2021, and appoint a contact person and enter information through these contact persons. This information, which Data Controllers will enter through their contact persons, are the issues that must be included in the Personal Data Processing Inventory, which was defined in the Regulation on the Data Controllers Registry published in the Official Gazette on 30.12.2017. Accordingly, the data controllers are required to record on the Registry screen; the personal data processing activities carried out in connection with business processes, the personal data processing purposes and legal reason, the data category, the transferred recipient group, and the maximum storage period required for the purposes for which the personal data is processed, the personal data they are intended to be transferred to foreign countries, and the measures taken regarding data security.<\/p>\n<p>At this stage, it should be noted that in case of violation of the obligation to register and notify VERBIS, an administrative fine of 39,337 TL (lower limit) -1,966 .862 TL (upper limit) may be imposed in accordance with the revaluation rate for 2021 on administrative fines included in Article 18 of the Personal Data Protection Law (\u201cLaw\u201d).<\/p>\n<p>Therefore, it is of great importance for Data Controllers that this notification is made accurately and completely, and if the notifications are made incorrectly or incompletely, an administrative fine may be imposed because the obligation is deemed not to be fulfilled.<\/p>\n<p>In addition, those who are obliged to register with VERBIS are also required to fulfil their other obligations (clarification, express consent, administrative and technical measures, responding to the data subject, complying with KVKK decisions, etc.) as required by the Law.<\/p>\n<\/div><\/div><\/div><\/div><\/div>\n","protected":false},"excerpt":{"rendered":"","protected":false},"author":1,"featured_media":5118,"comment_status":"open","ping_status":"open","sticky":false,"template":"","format":"standard","meta":{"footnotes":""},"categories":[29],"tags":[49],"class_list":["post-5121","post","type-post","status-publish","format-standard","has-post-thumbnail","hentry","category-articles","tag-verbis-registration"],"yoast_head":"<!-- This site is optimized with the Yoast SEO Premium plugin v26.9 (Yoast SEO v27.5) - https:\/\/yoast.com\/product\/yoast-seo-premium-wordpress\/ -->\n<title>Verbis Registration Deadline is Approaching Quickly! | Kulat Law Office<\/title>\n<meta name=\"description\" content=\"In addition, those who are obliged to register with VERBIS are also required to fulfil their other obligations (clarification, express consent, administrative and technical measures, responding to the data subject, complying with KVKK decisions, etc.) as required by the Law.\" \/>\n<meta name=\"robots\" content=\"index, follow, max-snippet:-1, max-image-preview:large, max-video-preview:-1\" \/>\n<link rel=\"canonical\" href=\"https:\/\/kulat.av.tr\/en\/blog\/2022\/04\/24\/verbis-registration-deadline-is-approaching-quickly\/\" \/>\n<meta property=\"og:locale\" content=\"en_US\" \/>\n<meta property=\"og:type\" content=\"article\" \/>\n<meta property=\"og:title\" content=\"Verbis Registration Deadline is Approaching Quickly!\" \/>\n<meta property=\"og:description\" content=\"In addition, those who are obliged to register with VERBIS are also required to fulfil their other obligations (clarification, express consent, administrative and technical measures, responding to the data subject, complying with KVKK decisions, etc.) as required by the Law.\" \/>\n<meta property=\"og:url\" content=\"https:\/\/kulat.av.tr\/en\/blog\/2022\/04\/24\/verbis-registration-deadline-is-approaching-quickly\/\" \/>\n<meta property=\"og:site_name\" content=\"Kulat Law Office\" \/>\n<meta property=\"article:published_time\" content=\"2022-04-24T10:54:06+00:00\" \/>\n<meta property=\"og:image\" content=\"https:\/\/kulat.av.tr\/en\/wp-content\/uploads\/sites\/9\/2022\/04\/verbis.jpg\" \/>\n\t<meta property=\"og:image:width\" content=\"900\" \/>\n\t<meta property=\"og:image:height\" content=\"600\" \/>\n\t<meta property=\"og:image:type\" content=\"image\/jpeg\" \/>\n<meta name=\"author\" content=\"Bar\u0131\u015f KULAT\" \/>\n<meta name=\"twitter:card\" content=\"summary_large_image\" \/>\n<meta name=\"twitter:label1\" content=\"Written by\" \/>\n\t<meta name=\"twitter:data1\" content=\"Bar\u0131\u015f KULAT\" \/>\n\t<meta name=\"twitter:label2\" content=\"Est. reading time\" \/>\n\t<meta name=\"twitter:data2\" content=\"7 minutes\" \/>\n<script type=\"application\/ld+json\" class=\"yoast-schema-graph\">{\"@context\":\"https:\\\/\\\/schema.org\",\"@graph\":[{\"@type\":\"Article\",\"@id\":\"https:\\\/\\\/kulat.av.tr\\\/en\\\/blog\\\/2022\\\/04\\\/24\\\/verbis-registration-deadline-is-approaching-quickly\\\/#article\",\"isPartOf\":{\"@id\":\"https:\\\/\\\/kulat.av.tr\\\/en\\\/blog\\\/2022\\\/04\\\/24\\\/verbis-registration-deadline-is-approaching-quickly\\\/\"},\"author\":{\"name\":\"Bar\u0131\u015f KULAT\",\"@id\":\"https:\\\/\\\/kulat.av.tr\\\/en\\\/#\\\/schema\\\/person\\\/58839c3e5d95f59da262b6e54c486213\"},\"headline\":\"Verbis Registration Deadline is Approaching Quickly!\",\"datePublished\":\"2022-04-24T10:54:06+00:00\",\"mainEntityOfPage\":{\"@id\":\"https:\\\/\\\/kulat.av.tr\\\/en\\\/blog\\\/2022\\\/04\\\/24\\\/verbis-registration-deadline-is-approaching-quickly\\\/\"},\"wordCount\":1342,\"commentCount\":0,\"publisher\":{\"@id\":\"https:\\\/\\\/kulat.av.tr\\\/en\\\/#organization\"},\"image\":{\"@id\":\"https:\\\/\\\/kulat.av.tr\\\/en\\\/blog\\\/2022\\\/04\\\/24\\\/verbis-registration-deadline-is-approaching-quickly\\\/#primaryimage\"},\"thumbnailUrl\":\"https:\\\/\\\/kulat.av.tr\\\/en\\\/wp-content\\\/uploads\\\/sites\\\/9\\\/2022\\\/04\\\/verbis.jpg\",\"keywords\":[\"Verbis Registration\"],\"articleSection\":[\"Articles\"],\"inLanguage\":\"en-US\",\"potentialAction\":[{\"@type\":\"CommentAction\",\"name\":\"Comment\",\"target\":[\"https:\\\/\\\/kulat.av.tr\\\/en\\\/blog\\\/2022\\\/04\\\/24\\\/verbis-registration-deadline-is-approaching-quickly\\\/#respond\"]}]},{\"@type\":\"WebPage\",\"@id\":\"https:\\\/\\\/kulat.av.tr\\\/en\\\/blog\\\/2022\\\/04\\\/24\\\/verbis-registration-deadline-is-approaching-quickly\\\/\",\"url\":\"https:\\\/\\\/kulat.av.tr\\\/en\\\/blog\\\/2022\\\/04\\\/24\\\/verbis-registration-deadline-is-approaching-quickly\\\/\",\"name\":\"Verbis Registration Deadline is Approaching Quickly! | Kulat Law Office\",\"isPartOf\":{\"@id\":\"https:\\\/\\\/kulat.av.tr\\\/en\\\/#website\"},\"primaryImageOfPage\":{\"@id\":\"https:\\\/\\\/kulat.av.tr\\\/en\\\/blog\\\/2022\\\/04\\\/24\\\/verbis-registration-deadline-is-approaching-quickly\\\/#primaryimage\"},\"image\":{\"@id\":\"https:\\\/\\\/kulat.av.tr\\\/en\\\/blog\\\/2022\\\/04\\\/24\\\/verbis-registration-deadline-is-approaching-quickly\\\/#primaryimage\"},\"thumbnailUrl\":\"https:\\\/\\\/kulat.av.tr\\\/en\\\/wp-content\\\/uploads\\\/sites\\\/9\\\/2022\\\/04\\\/verbis.jpg\",\"datePublished\":\"2022-04-24T10:54:06+00:00\",\"description\":\"In addition, those who are obliged to register with VERBIS are also required to fulfil their other obligations (clarification, express consent, administrative and technical measures, responding to the data subject, complying with KVKK decisions, etc.) as required by the Law.\",\"breadcrumb\":{\"@id\":\"https:\\\/\\\/kulat.av.tr\\\/en\\\/blog\\\/2022\\\/04\\\/24\\\/verbis-registration-deadline-is-approaching-quickly\\\/#breadcrumb\"},\"inLanguage\":\"en-US\",\"potentialAction\":[{\"@type\":\"ReadAction\",\"target\":[\"https:\\\/\\\/kulat.av.tr\\\/en\\\/blog\\\/2022\\\/04\\\/24\\\/verbis-registration-deadline-is-approaching-quickly\\\/\"]}]},{\"@type\":\"ImageObject\",\"inLanguage\":\"en-US\",\"@id\":\"https:\\\/\\\/kulat.av.tr\\\/en\\\/blog\\\/2022\\\/04\\\/24\\\/verbis-registration-deadline-is-approaching-quickly\\\/#primaryimage\",\"url\":\"https:\\\/\\\/kulat.av.tr\\\/en\\\/wp-content\\\/uploads\\\/sites\\\/9\\\/2022\\\/04\\\/verbis.jpg\",\"contentUrl\":\"https:\\\/\\\/kulat.av.tr\\\/en\\\/wp-content\\\/uploads\\\/sites\\\/9\\\/2022\\\/04\\\/verbis.jpg\",\"width\":900,\"height\":600,\"caption\":\"Verbis\u2019e Kay\u0131t S\u00fcresi Son G\u00fcn\u00fc H\u0131zla Yakla\u015f\u0131yor!\"},{\"@type\":\"BreadcrumbList\",\"@id\":\"https:\\\/\\\/kulat.av.tr\\\/en\\\/blog\\\/2022\\\/04\\\/24\\\/verbis-registration-deadline-is-approaching-quickly\\\/#breadcrumb\",\"itemListElement\":[{\"@type\":\"ListItem\",\"position\":1,\"name\":\"Anasayfa\",\"item\":\"https:\\\/\\\/kulat.av.tr\\\/en\\\/\"},{\"@type\":\"ListItem\",\"position\":2,\"name\":\"Verbis Registration Deadline is Approaching Quickly!\"}]},{\"@type\":\"WebSite\",\"@id\":\"https:\\\/\\\/kulat.av.tr\\\/en\\\/#website\",\"url\":\"https:\\\/\\\/kulat.av.tr\\\/en\\\/\",\"name\":\"Kulat Law Office\",\"description\":\"Our office; Legal ethics and lawyer care about a stance that suits the honor of profession. It is working with clients who demand this.\",\"publisher\":{\"@id\":\"https:\\\/\\\/kulat.av.tr\\\/en\\\/#organization\"},\"potentialAction\":[{\"@type\":\"SearchAction\",\"target\":{\"@type\":\"EntryPoint\",\"urlTemplate\":\"https:\\\/\\\/kulat.av.tr\\\/en\\\/?s={search_term_string}\"},\"query-input\":{\"@type\":\"PropertyValueSpecification\",\"valueRequired\":true,\"valueName\":\"search_term_string\"}}],\"inLanguage\":\"en-US\"},{\"@type\":\"Organization\",\"@id\":\"https:\\\/\\\/kulat.av.tr\\\/en\\\/#organization\",\"name\":\"Kulat Law Office\",\"url\":\"https:\\\/\\\/kulat.av.tr\\\/en\\\/\",\"logo\":{\"@type\":\"ImageObject\",\"inLanguage\":\"en-US\",\"@id\":\"https:\\\/\\\/kulat.av.tr\\\/en\\\/#\\\/schema\\\/logo\\\/image\\\/\",\"url\":\"https:\\\/\\\/kulat.av.tr\\\/en\\\/wp-content\\\/uploads\\\/sites\\\/9\\\/2020\\\/10\\\/kulat_logo.png\",\"contentUrl\":\"https:\\\/\\\/kulat.av.tr\\\/en\\\/wp-content\\\/uploads\\\/sites\\\/9\\\/2020\\\/10\\\/kulat_logo.png\",\"width\":172,\"height\":103,\"caption\":\"Kulat Law Office\"},\"image\":{\"@id\":\"https:\\\/\\\/kulat.av.tr\\\/en\\\/#\\\/schema\\\/logo\\\/image\\\/\"}},{\"@type\":\"Person\",\"@id\":\"https:\\\/\\\/kulat.av.tr\\\/en\\\/#\\\/schema\\\/person\\\/58839c3e5d95f59da262b6e54c486213\",\"name\":\"Bar\u0131\u015f KULAT\",\"image\":{\"@type\":\"ImageObject\",\"inLanguage\":\"en-US\",\"@id\":\"https:\\\/\\\/kulat.av.tr\\\/en\\\/wp-content\\\/litespeed\\\/avatar\\\/9\\\/26bc62a8daa9f8a805e8f2b035b25e5b.jpg?ver=1777144033\",\"url\":\"https:\\\/\\\/kulat.av.tr\\\/en\\\/wp-content\\\/litespeed\\\/avatar\\\/9\\\/26bc62a8daa9f8a805e8f2b035b25e5b.jpg?ver=1777144033\",\"contentUrl\":\"https:\\\/\\\/kulat.av.tr\\\/en\\\/wp-content\\\/litespeed\\\/avatar\\\/9\\\/26bc62a8daa9f8a805e8f2b035b25e5b.jpg?ver=1777144033\",\"caption\":\"Bar\u0131\u015f KULAT\"},\"sameAs\":[\"https:\\\/\\\/kulat.av.tr\\\/\"],\"url\":\"https:\\\/\\\/kulat.av.tr\\\/en\\\/blog\\\/author\\\/wpto\\\/\"}]}<\/script>\n<!-- \/ Yoast SEO Premium plugin. -->","yoast_head_json":{"title":"Verbis Registration Deadline is Approaching Quickly! | Kulat Law Office","description":"In addition, those who are obliged to register with VERBIS are also required to fulfil their other obligations (clarification, express consent, administrative and technical measures, responding to the data subject, complying with KVKK decisions, etc.) as required by the Law.","robots":{"index":"index","follow":"follow","max-snippet":"max-snippet:-1","max-image-preview":"max-image-preview:large","max-video-preview":"max-video-preview:-1"},"canonical":"https:\/\/kulat.av.tr\/en\/blog\/2022\/04\/24\/verbis-registration-deadline-is-approaching-quickly\/","og_locale":"en_US","og_type":"article","og_title":"Verbis Registration Deadline is Approaching Quickly!","og_description":"In addition, those who are obliged to register with VERBIS are also required to fulfil their other obligations (clarification, express consent, administrative and technical measures, responding to the data subject, complying with KVKK decisions, etc.) as required by the Law.","og_url":"https:\/\/kulat.av.tr\/en\/blog\/2022\/04\/24\/verbis-registration-deadline-is-approaching-quickly\/","og_site_name":"Kulat Law Office","article_published_time":"2022-04-24T10:54:06+00:00","og_image":[{"width":900,"height":600,"url":"https:\/\/kulat.av.tr\/en\/wp-content\/uploads\/sites\/9\/2022\/04\/verbis.jpg","type":"image\/jpeg"}],"author":"Bar\u0131\u015f KULAT","twitter_card":"summary_large_image","twitter_misc":{"Written by":"Bar\u0131\u015f KULAT","Est. reading time":"7 minutes"},"schema":{"@context":"https:\/\/schema.org","@graph":[{"@type":"Article","@id":"https:\/\/kulat.av.tr\/en\/blog\/2022\/04\/24\/verbis-registration-deadline-is-approaching-quickly\/#article","isPartOf":{"@id":"https:\/\/kulat.av.tr\/en\/blog\/2022\/04\/24\/verbis-registration-deadline-is-approaching-quickly\/"},"author":{"name":"Bar\u0131\u015f KULAT","@id":"https:\/\/kulat.av.tr\/en\/#\/schema\/person\/58839c3e5d95f59da262b6e54c486213"},"headline":"Verbis Registration Deadline is Approaching Quickly!","datePublished":"2022-04-24T10:54:06+00:00","mainEntityOfPage":{"@id":"https:\/\/kulat.av.tr\/en\/blog\/2022\/04\/24\/verbis-registration-deadline-is-approaching-quickly\/"},"wordCount":1342,"commentCount":0,"publisher":{"@id":"https:\/\/kulat.av.tr\/en\/#organization"},"image":{"@id":"https:\/\/kulat.av.tr\/en\/blog\/2022\/04\/24\/verbis-registration-deadline-is-approaching-quickly\/#primaryimage"},"thumbnailUrl":"https:\/\/kulat.av.tr\/en\/wp-content\/uploads\/sites\/9\/2022\/04\/verbis.jpg","keywords":["Verbis Registration"],"articleSection":["Articles"],"inLanguage":"en-US","potentialAction":[{"@type":"CommentAction","name":"Comment","target":["https:\/\/kulat.av.tr\/en\/blog\/2022\/04\/24\/verbis-registration-deadline-is-approaching-quickly\/#respond"]}]},{"@type":"WebPage","@id":"https:\/\/kulat.av.tr\/en\/blog\/2022\/04\/24\/verbis-registration-deadline-is-approaching-quickly\/","url":"https:\/\/kulat.av.tr\/en\/blog\/2022\/04\/24\/verbis-registration-deadline-is-approaching-quickly\/","name":"Verbis Registration Deadline is Approaching Quickly! | Kulat Law Office","isPartOf":{"@id":"https:\/\/kulat.av.tr\/en\/#website"},"primaryImageOfPage":{"@id":"https:\/\/kulat.av.tr\/en\/blog\/2022\/04\/24\/verbis-registration-deadline-is-approaching-quickly\/#primaryimage"},"image":{"@id":"https:\/\/kulat.av.tr\/en\/blog\/2022\/04\/24\/verbis-registration-deadline-is-approaching-quickly\/#primaryimage"},"thumbnailUrl":"https:\/\/kulat.av.tr\/en\/wp-content\/uploads\/sites\/9\/2022\/04\/verbis.jpg","datePublished":"2022-04-24T10:54:06+00:00","description":"In addition, those who are obliged to register with VERBIS are also required to fulfil their other obligations (clarification, express consent, administrative and technical measures, responding to the data subject, complying with KVKK decisions, etc.) as required by the Law.","breadcrumb":{"@id":"https:\/\/kulat.av.tr\/en\/blog\/2022\/04\/24\/verbis-registration-deadline-is-approaching-quickly\/#breadcrumb"},"inLanguage":"en-US","potentialAction":[{"@type":"ReadAction","target":["https:\/\/kulat.av.tr\/en\/blog\/2022\/04\/24\/verbis-registration-deadline-is-approaching-quickly\/"]}]},{"@type":"ImageObject","inLanguage":"en-US","@id":"https:\/\/kulat.av.tr\/en\/blog\/2022\/04\/24\/verbis-registration-deadline-is-approaching-quickly\/#primaryimage","url":"https:\/\/kulat.av.tr\/en\/wp-content\/uploads\/sites\/9\/2022\/04\/verbis.jpg","contentUrl":"https:\/\/kulat.av.tr\/en\/wp-content\/uploads\/sites\/9\/2022\/04\/verbis.jpg","width":900,"height":600,"caption":"Verbis\u2019e Kay\u0131t S\u00fcresi Son G\u00fcn\u00fc H\u0131zla Yakla\u015f\u0131yor!"},{"@type":"BreadcrumbList","@id":"https:\/\/kulat.av.tr\/en\/blog\/2022\/04\/24\/verbis-registration-deadline-is-approaching-quickly\/#breadcrumb","itemListElement":[{"@type":"ListItem","position":1,"name":"Anasayfa","item":"https:\/\/kulat.av.tr\/en\/"},{"@type":"ListItem","position":2,"name":"Verbis Registration Deadline is Approaching Quickly!"}]},{"@type":"WebSite","@id":"https:\/\/kulat.av.tr\/en\/#website","url":"https:\/\/kulat.av.tr\/en\/","name":"Kulat Law Office","description":"Our office; Legal ethics and lawyer care about a stance that suits the honor of profession. It is working with clients who demand this.","publisher":{"@id":"https:\/\/kulat.av.tr\/en\/#organization"},"potentialAction":[{"@type":"SearchAction","target":{"@type":"EntryPoint","urlTemplate":"https:\/\/kulat.av.tr\/en\/?s={search_term_string}"},"query-input":{"@type":"PropertyValueSpecification","valueRequired":true,"valueName":"search_term_string"}}],"inLanguage":"en-US"},{"@type":"Organization","@id":"https:\/\/kulat.av.tr\/en\/#organization","name":"Kulat Law Office","url":"https:\/\/kulat.av.tr\/en\/","logo":{"@type":"ImageObject","inLanguage":"en-US","@id":"https:\/\/kulat.av.tr\/en\/#\/schema\/logo\/image\/","url":"https:\/\/kulat.av.tr\/en\/wp-content\/uploads\/sites\/9\/2020\/10\/kulat_logo.png","contentUrl":"https:\/\/kulat.av.tr\/en\/wp-content\/uploads\/sites\/9\/2020\/10\/kulat_logo.png","width":172,"height":103,"caption":"Kulat Law Office"},"image":{"@id":"https:\/\/kulat.av.tr\/en\/#\/schema\/logo\/image\/"}},{"@type":"Person","@id":"https:\/\/kulat.av.tr\/en\/#\/schema\/person\/58839c3e5d95f59da262b6e54c486213","name":"Bar\u0131\u015f KULAT","image":{"@type":"ImageObject","inLanguage":"en-US","@id":"https:\/\/kulat.av.tr\/en\/wp-content\/litespeed\/avatar\/9\/26bc62a8daa9f8a805e8f2b035b25e5b.jpg?ver=1777144033","url":"https:\/\/kulat.av.tr\/en\/wp-content\/litespeed\/avatar\/9\/26bc62a8daa9f8a805e8f2b035b25e5b.jpg?ver=1777144033","contentUrl":"https:\/\/kulat.av.tr\/en\/wp-content\/litespeed\/avatar\/9\/26bc62a8daa9f8a805e8f2b035b25e5b.jpg?ver=1777144033","caption":"Bar\u0131\u015f KULAT"},"sameAs":["https:\/\/kulat.av.tr\/"],"url":"https:\/\/kulat.av.tr\/en\/blog\/author\/wpto\/"}]}},"amp_enabled":true,"_links":{"self":[{"href":"https:\/\/kulat.av.tr\/en\/wp-json\/wp\/v2\/posts\/5121","targetHints":{"allow":["GET"]}}],"collection":[{"href":"https:\/\/kulat.av.tr\/en\/wp-json\/wp\/v2\/posts"}],"about":[{"href":"https:\/\/kulat.av.tr\/en\/wp-json\/wp\/v2\/types\/post"}],"author":[{"embeddable":true,"href":"https:\/\/kulat.av.tr\/en\/wp-json\/wp\/v2\/users\/1"}],"replies":[{"embeddable":true,"href":"https:\/\/kulat.av.tr\/en\/wp-json\/wp\/v2\/comments?post=5121"}],"version-history":[{"count":1,"href":"https:\/\/kulat.av.tr\/en\/wp-json\/wp\/v2\/posts\/5121\/revisions"}],"predecessor-version":[{"id":5122,"href":"https:\/\/kulat.av.tr\/en\/wp-json\/wp\/v2\/posts\/5121\/revisions\/5122"}],"wp:featuredmedia":[{"embeddable":true,"href":"https:\/\/kulat.av.tr\/en\/wp-json\/wp\/v2\/media\/5118"}],"wp:attachment":[{"href":"https:\/\/kulat.av.tr\/en\/wp-json\/wp\/v2\/media?parent=5121"}],"wp:term":[{"taxonomy":"category","embeddable":true,"href":"https:\/\/kulat.av.tr\/en\/wp-json\/wp\/v2\/categories?post=5121"},{"taxonomy":"post_tag","embeddable":true,"href":"https:\/\/kulat.av.tr\/en\/wp-json\/wp\/v2\/tags?post=5121"}],"curies":[{"name":"wp","href":"https:\/\/api.w.org\/{rel}","templated":true}]}}